{"id":11524,"date":"2023-11-30T14:50:55","date_gmt":"2023-11-30T13:50:55","guid":{"rendered":"https:\/\/esplanade.hr\/hr\/?p=11524"},"modified":"2023-12-27T10:37:26","modified_gmt":"2023-12-27T09:37:26","slug":"chefica-ana-grgic-tomic-u-novom-a-la-carte-jelovniku-donosi-fantasticne-spojeve","status":"publish","type":"post","link":"https:\/\/esplanade.hr\/hr\/chefica-ana-grgic-tomic-u-novom-a-la-carte-jelovniku-donosi-fantasticne-spojeve\/","title":{"rendered":"Chefica Ana Grgi\u0107 Tomi\u0107 u novom \u00e0 la carte jelovniku donosi fantasti\u010dne spojeve"},"content":{"rendered":"<p>[vc_row][vc_column][vc_column_text]<\/p>\n<p style=\"text-align: justify;\"><strong>Doma\u0107i rezanci sa su\u0161enim vrganjima, jelenji kare u umaku od klekovih bobica, ameri\u010dki <em>striploin<\/em> s pinjolima i karameliziranom ljutikom, jadranski \u0161kampi u kremi od pe\u010denog celera s tartarom od \u010di\u010doka, bakalar s prokulicama i gelom od crnog \u010de\u0161njaka, brancin u gustom umaku od naran\u010de i \u0161afrana sa svje\u017eom cvjeta\u010dom, okrepljuju\u0107a krem juha od kestena s marmeladom od vrganja i melasom te nezaobilazna <em>bisque <\/em>juha od rakova samo su dio nove kolekcije privla\u010dnih autorskih jela <em>chefice<\/em> Ane Grgi\u0107 Tomi\u0107, koja \u0107e odu\u0161eviti istan\u010dana nepca najizbirljivijih gurmana.<\/strong><\/p>\n<p style=\"text-align: justify;\">Mnogo je dobrih razloga za\u0161to biste upravo Esplanadin Zinfandel&#8217;s sljede\u0107ih tjedana trebali uvrstiti me\u0111u nezaobilazne destinacije na gastronomskoj mapi Zagreba. Ovaj kultni zagreba\u010dki restoran visoke gastronomije i prepoznatljive usluge, \u010diji su gosti nerijetko i poznate zvijezde sa scene svjetskog \u0161oubiznisa, s ponosom nosi <strong>zelenu Michelinovu zvjezdicu za svoj odr\u017eivi koncept<\/strong>, a valja istaknuti da je <strong><em>chefici<\/em> Ani Grgi\u0107 Tomi\u0107<\/strong> na presti\u017enoj dodjeli nagrada <strong>European Hotel Awards 2023<\/strong>. u Barceloni <strong>Svjetska gastronomska organizacija<\/strong> nedavno uru\u010dila posebno priznanje <strong>\u00c9toile Blanche<\/strong>, dok je <strong>Zinfandel&#8217;s <\/strong>progla\u0161en <strong>europskim hotelskim restoranom godine<\/strong>. Osim toga, \u010darobno dotjeran interijer i dani blagdana koji su pred nama svakako pozivaju na dru\u017eenje i u\u017eivanje u finim jelima uz butelju vrhunskog vina i pjenu\u0161ave mjehuri\u0107e \u010distog zadovoljstva.<\/p>\n<p style=\"text-align: justify;\">U novom sezonskom <em>\u00e0 la carte<\/em> jelovniku Ana spaja osobni prepoznatljiv kreativni stil pripreme jela s primamljivim okusima jeseni, a rezultat je privla\u010dna doza umjetnosti koja poziva na ku\u0161anje. Selekcija precizno oblikovanih jela donosi interesantne spojeve u kojima glavnu ulogu imaju plodovi jeseni poput <strong>kestena, bu\u010de, divlja\u010di, pastrnjaka, tartufa, vrganja, lisi\u010darki, korabice, cvjeta\u010de, klekovih bobica, maslina, \u0161ljiva, naran\u010de i kru\u0161aka<\/strong>. <strong>Oscietra kavijar<\/strong> u kombinaciji s kru\u0161kom po\u0161iranom u bijelom vinu uz vafl od heljde i <em>mousse<\/em> od badema ne\u0161to je \u0161to svakako valja ku\u0161ati. Na jelovniku su se i ovaj put na\u0161li <strong>jadranski \u0161kampi<\/strong>, za koje valja istaknuti da se love u Podvelebitskom kanalu vr\u0161ama kako bi se za\u0161titio mikroekosustav, ali i potaknuli mali ribari da se bave ovom djelatno\u0161\u0107u. \u201e<em>Jedna od mojih omiljenih namirnica i ovaj je put na\u0161la svoj status u jelovniku \u2013 svje\u017ei jadranski \u0161kampi odli\u010dan su starter, koji sam u ovom jelovniku sljubila s \u010di\u010dokama od kojih sam slo\u017eila ukusni tartar koji sam kombinirala s kremom od pe\u010denog celera<\/em>\u201d, istaknula je Ana i dodala: \u201e<em>Ljubiteljima tjestenine svakako preporu\u010dujem <strong>doma\u0107e rezance<\/strong> iz na\u0161e vlastite proizvodnje, koji se fantasti\u010dno spajaju sa su\u0161enim vrganjima, velout\u00e9om od lisi\u010darki, kremom od suncokretovih sjemenki i u\u0161e\u0107erenim tartufima uz dodatak posebnog <strong>aceta od aronije <\/strong>koji nam dolazi iz doma\u0107eg OPG-a Brolich. Svakako zanimljiv spoj u kojem prevladavaju zemljani tonovi.\u201c<\/em><\/p>\n<p><strong>\u00a0<\/strong>[\/vc_column_text]<div class=\"eltd-image-gallery  eltd-ig-slider-type eltd-large-space     \">\n\t<div class=\"eltd-ig-slider eltd-owl-slider\" data-number-of-items=\"1\" data-enable-loop=\"yes\" data-enable-autoplay=\"yes\" data-slider-speed=\"5000\" data-slider-speed-animation=\"600\" data-slider-padding=\"no\" data-enable-navigation=\"yes\" data-enable-custom-navigation=\"no\" data-enable-pagination=\"yes\" data-slider-animate-out=\"fadeOut\">\n\t\t\t\t\t<div class=\"eltd-ig-image\">\n\t\t\t\t\t\t\t\t\t<img src=\"https:\/\/esplanade.hr\/hr\/wp-content\/uploads\/2023\/11\/crumble-od-oraha-mousse-od-tamne-cokolade-i-kave-marmelada-od-kumkvata-tuile-od-oraha-3-1100x900.jpg\" alt=\"\" width=\"1100\" height=\"900\" \/>\t\t\t\t\t\t\t<\/div>\n\t\t\t\t\t<div class=\"eltd-ig-image\">\n\t\t\t\t\t\t\t\t\t<img src=\"https:\/\/esplanade.hr\/hr\/wp-content\/uploads\/2023\/11\/domaca-pacja-prsa-jabuke-pjena-od-pecenih-sljiva-3-1100x900.jpg\" alt=\"\" width=\"1100\" height=\"900\" \/>\t\t\t\t\t\t\t<\/div>\n\t\t\t\t\t<div class=\"eltd-ig-image\">\n\t\t\t\t\t\t\t\t\t<img src=\"https:\/\/esplanade.hr\/hr\/wp-content\/uploads\/2023\/11\/domaci-rezanci-sa-susenim-vrganjima-veloute-od-lisicarki-krema-od-suncokretovih-sjemenkiusecere-1100x900.jpg\" alt=\"\" width=\"1100\" height=\"900\" \/>\t\t\t\t\t\t\t<\/div>\n\t\t\t\t\t<div class=\"eltd-ig-image\">\n\t\t\t\t\t\t\t\t\t<img src=\"https:\/\/esplanade.hr\/hr\/wp-content\/uploads\/2023\/11\/fondant-biskvit-od-cokolade-i-ljesnjaka-cokoladna-krema-cremeux-od-ljesnjaka-pjena-od-ljesnjaka-2-1100x900.jpg\" alt=\"\" width=\"1100\" height=\"900\" \/>\t\t\t\t\t\t\t<\/div>\n\t\t\t\t\t<div class=\"eltd-ig-image\">\n\t\t\t\t\t\t\t\t\t<img src=\"https:\/\/esplanade.hr\/hr\/wp-content\/uploads\/2023\/11\/jadranski-skampi-krema-od-pecenog-celera-tart-od-cicoka-veloute-od-skampa-3-1100x900.jpg\" alt=\"\" width=\"1100\" height=\"900\" \/>\t\t\t\t\t\t\t<\/div>\n\t\t\t\t\t<div class=\"eltd-ig-image\">\n\t\t\t\t\t\t\t\t\t<img src=\"https:\/\/esplanade.hr\/hr\/wp-content\/uploads\/2023\/11\/jelenji-kare-dimljene-visnje-umak-od-klekovih-bobica-ulje-bora-pastrnjak-3-1100x900.jpg\" alt=\"\" width=\"1100\" height=\"900\" \/>\t\t\t\t\t\t\t<\/div>\n\t\t\t\t\t<div class=\"eltd-ig-image\">\n\t\t\t\t\t\t\t\t\t<img src=\"https:\/\/esplanade.hr\/hr\/wp-content\/uploads\/2023\/11\/jelenji-kare-dimljene-visnje-umak-od-klekovih-bobica-ulje-bora-pastrnjak-7-1100x900.jpg\" alt=\"\" width=\"1100\" height=\"900\" \/>\t\t\t\t\t\t\t<\/div>\n\t\t\t\t\t<div class=\"eltd-ig-image\">\n\t\t\t\t\t\t\t\t\t<img src=\"https:\/\/esplanade.hr\/hr\/wp-content\/uploads\/2023\/11\/krem-juha-od-kestena-kosarica-s-marmeladom-od-vrganja-i-melase-2-1100x900.jpg\" alt=\"\" width=\"1100\" height=\"900\" \/>\t\t\t\t\t\t\t<\/div>\n\t\t\t\t\t<div class=\"eltd-ig-image\">\n\t\t\t\t\t\t\t\t\t<img src=\"https:\/\/esplanade.hr\/hr\/wp-content\/uploads\/2023\/11\/krem-juha-od-kestena-kosarica-s-marmeladom-od-vrganja-i-melase-1100x900.jpg\" alt=\"\" width=\"1100\" height=\"900\" \/>\t\t\t\t\t\t\t<\/div>\n\t\t\t\t\t<div class=\"eltd-ig-image\">\n\t\t\t\t\t\t\t\t\t<img src=\"https:\/\/esplanade.hr\/hr\/wp-content\/uploads\/2023\/11\/lagano-zapeceni-file-bakalara-gel-od-crnog-cesnjaka-prokulice-marmelada-od-limuna-5-1100x900.jpg\" alt=\"\" width=\"1100\" height=\"900\" \/>\t\t\t\t\t\t\t<\/div>\n\t\t\t\t\t<div class=\"eltd-ig-image\">\n\t\t\t\t\t\t\t\t\t<img src=\"https:\/\/esplanade.hr\/hr\/wp-content\/uploads\/2023\/11\/posirani-file-brancina-u-gustom-umaku-od-narance-i-safrana-krema-od-cvjetace-svjeza-cvjetaca-1100x900.jpg\" alt=\"\" width=\"1100\" height=\"900\" \/>\t\t\t\t\t\t\t<\/div>\n\t\t\t\t\t<div class=\"eltd-ig-image\">\n\t\t\t\t\t\t\t\t\t<img src=\"https:\/\/esplanade.hr\/hr\/wp-content\/uploads\/2023\/11\/pscietra-kavijar-posirana-kruska-u-bijelom-vinu-vafli-od-heljde-mousse-od-badema-3..-1100x900.jpg\" alt=\"\" width=\"1100\" height=\"900\" \/>\t\t\t\t\t\t\t<\/div>\n\t\t\t\t\t<div class=\"eltd-ig-image\">\n\t\t\t\t\t\t\t\t\t<img src=\"https:\/\/esplanade.hr\/hr\/wp-content\/uploads\/2023\/11\/streusel-od-badema-krema-od-narance-i-badema-biskvit-od-maslinovog-ulja-i-ruzine-vodice-gel-od--1100x900.jpg\" alt=\"\" width=\"1100\" height=\"900\" \/>\t\t\t\t\t\t\t<\/div>\n\t\t\t\t\t<div class=\"eltd-ig-image\">\n\t\t\t\t\t\t\t\t\t<img src=\"https:\/\/esplanade.hr\/hr\/wp-content\/uploads\/2023\/11\/streusel-od-badema-krema-od-narance-i-badema-biskvit-od-maslinovog-ulja-i-ruzine-vodice-gel-od-mlijeka--1100x900.jpg\" alt=\"\" width=\"1100\" height=\"900\" \/>\t\t\t\t\t\t\t<\/div>\n\t\t\t\t\t<div class=\"eltd-ig-image\">\n\t\t\t\t\t\t\t\t\t<img src=\"https:\/\/esplanade.hr\/hr\/wp-content\/uploads\/2023\/11\/skoljke-sv.-Jakova-buca-limun-pesto-od-bucinih-sjemenki-kreker-od-buce-3-1100x900.jpg\" alt=\"\" width=\"1100\" height=\"900\" \/>\t\t\t\t\t\t\t<\/div>\n\t\t\t\t\t<div class=\"eltd-ig-image\">\n\t\t\t\t\t\t\t\t\t<img src=\"https:\/\/esplanade.hr\/hr\/wp-content\/uploads\/2023\/11\/usoljena-losos-pastvra-marinada-od-limete-ukiseljena-korabicadimljena-ikra-pastrve-veloute-korabice-i-1100x900.jpg\" alt=\"\" width=\"1100\" height=\"900\" \/>\t\t\t\t\t\t\t<\/div>\n\t\t\t<\/div>\n<\/div>[\/vc_column][\/vc_row][vc_row][vc_column][\/vc_column][\/vc_row][vc_row][vc_column][vc_empty_space][vc_column_text]<\/p>\n<p style=\"text-align: justify;\">\u201e<em>Kremasto, hrskavo i ukusno tri su komponente kojima se gotovo uvijek vodim pri kreiranju novog jelovnika i pokazale su se odli\u010dnom vodiljom. Jedno lagano jelo svakako su <strong>\u0161koljke sv. Jakova<\/strong> u druk\u010dijem tonu, oplemenjene pestom od bu\u010dinih sjemenki uz tri razli\u010dita okusa bu\u010de, dodatak ukusnih krekera i limuna. Nutritivno uravnote\u017eena <strong>krem juha od kestena<\/strong> odli\u010dan je izbor za sve one koji cijene slatkastu aromu kestena koja dolazi u spoju s doma\u0107om marmeladom od vrganja i melase. <strong>Pa\u010dja prsa<\/strong>, koja u ovom jelovniku spajam s jabukama, pe\u010denim \u0161ljivama, medom i anisom, sti\u017eu nam izvorno iz <strong>male me\u0111imurske farme<\/strong> koja uzgaja patke za na\u0161u kuhinju, kao i ve\u0107 godinama popularne bo\u017ei\u0107ne purice kojima se gosti osobito raduju. Od doma\u0107e patke za \u00e0 la carte jelovnik izdvajamo so\u010dna prsa, dok od drugog dijela patke pripremamo slasni confit i ukusnu pa\u010dju mast, \u0161to uglavnom poslu\u017eujemo uz blagdanske delicije. Me\u0111u glavna jela dodala sam i <strong>jelenji kare<\/strong>, koji nam sti\u017ee izvorno iz <strong>Gorskog kotara<\/strong>. Uz ovaj izvrsni komad divlja\u010di pripremila sam gusti umak od porta koji pripremam tako da prvo dimim vi\u0161nje, koje potom iskuhavam, a sve s namjerom da se kare topi u ustima, pri \u010demu jo\u0161 dodajem umak od klekovih bobica, ulje bora i pastrnjak \u2013 za pravu zimsku pri\u010du<\/em>\u201d, obja\u0161njava <em>chefica<\/em> Grgi\u0107 Tomi\u0107 dodaju\u0107i da je nezaobilazan ameri\u010dki <em>striploin<\/em> ovog puta predstavila u sasvim druk\u010dijoj varijanti s krunom od parmezana i ukusnih pinjola uz <em>ragout<\/em> od crnih truba i karameliziranu ljutiku.<\/p>\n<p style=\"text-align: justify;\">\u201e<em>Novi jelovnik stavlja naglasak na svje\u017ee doma\u0107e namirnice koje nabavljamo od pomno biranih OPG-ova, dok sam u svakoj prilici nastojala upotrijebiti upravo sezonske sastojke i pripremiti velik dio toga u vlastitoj radionici uz specijalne tehnike pripreme. Veseli nas i priprema doma\u0107eg kruha i focaccie s dodacima aromati\u010dnog ru\u017emarina i za\u010dinskog bilja s Oleander terase.<\/em>\u201d, isti\u010de <em>chefica<\/em>.<\/p>\n<p style=\"text-align: justify;\">Na jelovniku se nalaze i vjerni Zinfandel&#8217;sovi klasici kao \u0161to su ru\u010dno kosani <strong>tatarski biftek<\/strong> koji se pred gostima priprema od najboljih dijelova mesa i biranih za\u010dina, zatim <strong>divlji brancin pe\u010den u soli, <\/strong>koji je pravi specijalitet, posebno me\u0111u inozemnim gostima, a tu su i <strong>istarski fu\u017ei s tartufima<\/strong> te<strong> kultni Esplanadini \u0161trukli<\/strong> zape\u010deni u kremastom vrhnju, koji dolaze i u <strong>bezglutenskoj varijanti<\/strong>. Pritom valja naglasiti da Ana i osoblje restorana Zinfandel&#8217;s osobitu pa\u017enju pridaju posebnim <strong>prehrambenim navikama gostiju<\/strong>, stoga su posebno nazna\u010dena jela koja se pripremaju prema halal standardima, vegetarijanska jela i ona koja ne bi trebala sadr\u017eavati gluten, dok je za djecu u ponudi posebno prilago\u0111en Dje\u010dji menu.<\/p>\n<p style=\"text-align: justify;\">Za sve sladokusce, slasti\u010darski tim na \u010delu s <strong>glavnom Esplanadinom slasti\u010darkom Mirjanom \u0160poljar<\/strong> pripremio je primamljiv izbor slasnih deserata koji savr\u0161eno zaokru\u017euju ukusni gurmanski do\u017eivljaj restorana Zinfandel&#8217;s. Kreativna desertna karta donosi neodoljive kombinacije <strong>lje\u0161njaka, badema, masline, ru\u017ee i naran\u010de<\/strong>, a jedan od izdvojenih favorita koji \u0107e odu\u0161eviti mnoge je privla\u010dni <strong><em>fondant <\/em>biskvit od \u010dokolade i lje\u0161njaka s pjenom od lje\u0161njaka<\/strong>. Ovaj desert odli\u010dan je izbor za sve ljubitelje slastica bez glutena. Ako ste skloni intenzivnijim okusima, na popisu slastica posebno se izdvaja so\u010dni <strong>kola\u010d od badema s biskvitom<\/strong> od maslinovog ulja i ru\u017eine vodice uz dodatak gela od mlijeka i naran\u010dine korice, koji se priprema posebnom tehnikom kuhanja.<\/p>\n<p style=\"text-align: justify;\">Pomno kreirana vinska karta koja nudi vrhunska vina, pjenu\u0161ce i \u0161ampanjce iz Hrvatske i svijeta dodatno \u0107e upotpuniti iskustvo objedovanja, dok \u0107e vam osoblje rado predlo\u017eiti ona koja najbolje odgovaraju odabranim jelima. U vinskoj karti posebno se isti\u010de i limitirano izdanje Zinfandela s etiketom hotela Esplanade i potpisom vinarije <strong>Krauthaker<\/strong>.<\/p>\n<p style=\"text-align: justify;\">Ponuda <em>\u00e0 la carte<\/em> dostupna je u Zinfandel&#8217;su svaki dan za ru\u010dak i ve\u010deru od 12:30 do 23 sata. Tijekom adventa svake nedjelje poslu\u017euje se specijalno izdanje <strong>Adventskog <em>bruncha<\/em><\/strong> od\u00a0<strong>12.30 do 16 sati<\/strong>\u00a0uz \u010da\u0161u pjenu\u0161ca dobrodo\u0161lice i klavirsku glazbu za 115 \u20ac (866,46 HRK) \u00a0po osobi. Ru\u010dak za djecu iznosi 79 \u20ac (595,22 HRK)<strong>,<\/strong>\u00a0dok je za djecu mla\u0111u od 3 godine\u00a0<strong>besplatan<\/strong>. Restoran svakodnevno za goste poslu\u017euje bife i <em>\u00e0 la carte<\/em> doru\u010dak od 6:30 do 11 sati.<\/p>\n<p style=\"text-align: justify;\"><strong>Rezervacije stolova primaju se telefonom na 01 4566 644, e-po\u0161tom na <\/strong><a href=\"mailto:zinfandels@esplanade.hr\"><strong>zinfandels@esplanade.hr<\/strong><\/a> <strong>ili putem aplikacije Open Table. <\/strong><\/p>\n<p style=\"text-align: justify;\"><strong>\u00a0<\/strong><\/p>\n<p style=\"text-align: justify;\"><strong>PREUZIMANJE MATERIJALA:\u00a0<\/strong><\/p>\n<ul>\n<li style=\"text-align: justify;\"><strong><u>FOTOGRAFIJE <\/u><\/strong>(Arhiva hotela Esplanade \u2013 Photo by Lili Ba\u0161i\u0107\/Koridor27): <a href=\"https:\/\/esplanadehr.sharepoint.com\/:f:\/g\/marketing\/Evxw2-uKcRJKvjGmmYCISt8BE-GmCViIdNSCy0RzbZwTqw?e=6yXQvU\">A la&#8217; carte menu- Zinfandel&#8217;s 11-2023<\/a><\/li>\n<li style=\"text-align: justify;\"><a href=\"https:\/\/www.esplanade.hr\/press\/download\/menus\/Esplanade-Zagreb-Hotel-Zinfandels-Menu.pdf\">Zinfandel&#8217;s <strong>JELOVNIK<\/strong>\u00a0<em>\u00e0 la carte<\/em><\/a><\/li>\n<li style=\"text-align: justify;\"><a href=\"https:\/\/www.esplanade.hr\/press\/download\/menus\/Esplanade-Zagreb-Hotel-Zinfandels-Wine-List.pdf\">Zinfandel&#8217;s <strong>VINSKA KARTA<\/strong><\/a><\/li>\n<\/ul>\n<p>&nbsp;<\/p>\n<p>[\/vc_column_text][\/vc_column][\/vc_row][vc_row][vc_column]<div class=\"eltd-image-gallery  eltd-ig-slider-type eltd-large-space     \">\n\t<div class=\"eltd-ig-slider eltd-owl-slider\" data-number-of-items=\"1\" data-enable-loop=\"yes\" data-enable-autoplay=\"yes\" data-slider-speed=\"5000\" data-slider-speed-animation=\"600\" data-slider-padding=\"no\" data-enable-navigation=\"yes\" data-enable-custom-navigation=\"no\" data-enable-pagination=\"yes\" data-slider-animate-out=\"fadeOut\">\n\t\t\t\t\t<div class=\"eltd-ig-image\">\n\t\t\t\t\t\t\t\t\t<img width=\"1200\" height=\"1800\" src=\"https:\/\/esplanade.hr\/hr\/wp-content\/uploads\/2023\/11\/Zinfandels-11-2023-11.jpg\" class=\"attachment-full size-full\" alt=\"\" loading=\"lazy\" srcset=\"https:\/\/esplanade.hr\/hr\/wp-content\/uploads\/2023\/11\/Zinfandels-11-2023-11.jpg 1200w, https:\/\/esplanade.hr\/hr\/wp-content\/uploads\/2023\/11\/Zinfandels-11-2023-11-200x300.jpg 200w, https:\/\/esplanade.hr\/hr\/wp-content\/uploads\/2023\/11\/Zinfandels-11-2023-11-683x1024.jpg 683w, https:\/\/esplanade.hr\/hr\/wp-content\/uploads\/2023\/11\/Zinfandels-11-2023-11-768x1152.jpg 768w, https:\/\/esplanade.hr\/hr\/wp-content\/uploads\/2023\/11\/Zinfandels-11-2023-11-1024x1536.jpg 1024w\" sizes=\"(max-width: 1200px) 100vw, 1200px\" \/>\t\t\t\t\t\t\t<\/div>\n\t\t\t\t\t<div class=\"eltd-ig-image\">\n\t\t\t\t\t\t\t\t\t<img width=\"1200\" height=\"1800\" src=\"https:\/\/esplanade.hr\/hr\/wp-content\/uploads\/2023\/11\/Zinfandels-11-2023-15.jpg\" class=\"attachment-full size-full\" alt=\"\" loading=\"lazy\" srcset=\"https:\/\/esplanade.hr\/hr\/wp-content\/uploads\/2023\/11\/Zinfandels-11-2023-15.jpg 1200w, https:\/\/esplanade.hr\/hr\/wp-content\/uploads\/2023\/11\/Zinfandels-11-2023-15-200x300.jpg 200w, https:\/\/esplanade.hr\/hr\/wp-content\/uploads\/2023\/11\/Zinfandels-11-2023-15-683x1024.jpg 683w, https:\/\/esplanade.hr\/hr\/wp-content\/uploads\/2023\/11\/Zinfandels-11-2023-15-768x1152.jpg 768w, https:\/\/esplanade.hr\/hr\/wp-content\/uploads\/2023\/11\/Zinfandels-11-2023-15-1024x1536.jpg 1024w\" sizes=\"(max-width: 1200px) 100vw, 1200px\" \/>\t\t\t\t\t\t\t<\/div>\n\t\t\t\t\t<div class=\"eltd-ig-image\">\n\t\t\t\t\t\t\t\t\t<img width=\"1200\" height=\"1800\" src=\"https:\/\/esplanade.hr\/hr\/wp-content\/uploads\/2023\/11\/Zinfandels-11-2023-14.jpg\" class=\"attachment-full size-full\" alt=\"\" loading=\"lazy\" srcset=\"https:\/\/esplanade.hr\/hr\/wp-content\/uploads\/2023\/11\/Zinfandels-11-2023-14.jpg 1200w, https:\/\/esplanade.hr\/hr\/wp-content\/uploads\/2023\/11\/Zinfandels-11-2023-14-200x300.jpg 200w, https:\/\/esplanade.hr\/hr\/wp-content\/uploads\/2023\/11\/Zinfandels-11-2023-14-683x1024.jpg 683w, https:\/\/esplanade.hr\/hr\/wp-content\/uploads\/2023\/11\/Zinfandels-11-2023-14-768x1152.jpg 768w, https:\/\/esplanade.hr\/hr\/wp-content\/uploads\/2023\/11\/Zinfandels-11-2023-14-1024x1536.jpg 1024w\" sizes=\"(max-width: 1200px) 100vw, 1200px\" \/>\t\t\t\t\t\t\t<\/div>\n\t\t\t\t\t<div class=\"eltd-ig-image\">\n\t\t\t\t\t\t\t\t\t<img width=\"1200\" height=\"1800\" src=\"https:\/\/esplanade.hr\/hr\/wp-content\/uploads\/2023\/11\/Zinfandels-11-2023-18.jpg\" class=\"attachment-full size-full\" alt=\"\" loading=\"lazy\" srcset=\"https:\/\/esplanade.hr\/hr\/wp-content\/uploads\/2023\/11\/Zinfandels-11-2023-18.jpg 1200w, https:\/\/esplanade.hr\/hr\/wp-content\/uploads\/2023\/11\/Zinfandels-11-2023-18-200x300.jpg 200w, https:\/\/esplanade.hr\/hr\/wp-content\/uploads\/2023\/11\/Zinfandels-11-2023-18-683x1024.jpg 683w, https:\/\/esplanade.hr\/hr\/wp-content\/uploads\/2023\/11\/Zinfandels-11-2023-18-768x1152.jpg 768w, https:\/\/esplanade.hr\/hr\/wp-content\/uploads\/2023\/11\/Zinfandels-11-2023-18-1024x1536.jpg 1024w\" sizes=\"(max-width: 1200px) 100vw, 1200px\" \/>\t\t\t\t\t\t\t<\/div>\n\t\t\t\t\t<div class=\"eltd-ig-image\">\n\t\t\t\t\t\t\t\t\t<img width=\"1200\" height=\"1800\" src=\"https:\/\/esplanade.hr\/hr\/wp-content\/uploads\/2023\/11\/Zinfandels-11-2023-19.jpg\" class=\"attachment-full size-full\" alt=\"\" loading=\"lazy\" srcset=\"https:\/\/esplanade.hr\/hr\/wp-content\/uploads\/2023\/11\/Zinfandels-11-2023-19.jpg 1200w, https:\/\/esplanade.hr\/hr\/wp-content\/uploads\/2023\/11\/Zinfandels-11-2023-19-200x300.jpg 200w, https:\/\/esplanade.hr\/hr\/wp-content\/uploads\/2023\/11\/Zinfandels-11-2023-19-683x1024.jpg 683w, https:\/\/esplanade.hr\/hr\/wp-content\/uploads\/2023\/11\/Zinfandels-11-2023-19-768x1152.jpg 768w, https:\/\/esplanade.hr\/hr\/wp-content\/uploads\/2023\/11\/Zinfandels-11-2023-19-1024x1536.jpg 1024w\" sizes=\"(max-width: 1200px) 100vw, 1200px\" \/>\t\t\t\t\t\t\t<\/div>\n\t\t\t\t\t<div class=\"eltd-ig-image\">\n\t\t\t\t\t\t\t\t\t<img width=\"1200\" height=\"1800\" src=\"https:\/\/esplanade.hr\/hr\/wp-content\/uploads\/2023\/11\/Zinfandels-11-2023-21.jpg\" class=\"attachment-full size-full\" alt=\"\" loading=\"lazy\" srcset=\"https:\/\/esplanade.hr\/hr\/wp-content\/uploads\/2023\/11\/Zinfandels-11-2023-21.jpg 1200w, https:\/\/esplanade.hr\/hr\/wp-content\/uploads\/2023\/11\/Zinfandels-11-2023-21-200x300.jpg 200w, https:\/\/esplanade.hr\/hr\/wp-content\/uploads\/2023\/11\/Zinfandels-11-2023-21-683x1024.jpg 683w, https:\/\/esplanade.hr\/hr\/wp-content\/uploads\/2023\/11\/Zinfandels-11-2023-21-768x1152.jpg 768w, https:\/\/esplanade.hr\/hr\/wp-content\/uploads\/2023\/11\/Zinfandels-11-2023-21-1024x1536.jpg 1024w\" sizes=\"(max-width: 1200px) 100vw, 1200px\" \/>\t\t\t\t\t\t\t<\/div>\n\t\t\t\t\t<div class=\"eltd-ig-image\">\n\t\t\t\t\t\t\t\t\t<img width=\"1200\" height=\"1800\" src=\"https:\/\/esplanade.hr\/hr\/wp-content\/uploads\/2023\/11\/Zinfandels-11-2023-16.jpg\" class=\"attachment-full size-full\" alt=\"\" loading=\"lazy\" srcset=\"https:\/\/esplanade.hr\/hr\/wp-content\/uploads\/2023\/11\/Zinfandels-11-2023-16.jpg 1200w, https:\/\/esplanade.hr\/hr\/wp-content\/uploads\/2023\/11\/Zinfandels-11-2023-16-200x300.jpg 200w, https:\/\/esplanade.hr\/hr\/wp-content\/uploads\/2023\/11\/Zinfandels-11-2023-16-683x1024.jpg 683w, https:\/\/esplanade.hr\/hr\/wp-content\/uploads\/2023\/11\/Zinfandels-11-2023-16-768x1152.jpg 768w, https:\/\/esplanade.hr\/hr\/wp-content\/uploads\/2023\/11\/Zinfandels-11-2023-16-1024x1536.jpg 1024w\" sizes=\"(max-width: 1200px) 100vw, 1200px\" \/>\t\t\t\t\t\t\t<\/div>\n\t\t\t\t\t<div class=\"eltd-ig-image\">\n\t\t\t\t\t\t\t\t\t<img width=\"1200\" height=\"1800\" src=\"https:\/\/esplanade.hr\/hr\/wp-content\/uploads\/2023\/11\/Zinfandels-11-2023-1.jpg\" class=\"attachment-full size-full\" alt=\"\" loading=\"lazy\" srcset=\"https:\/\/esplanade.hr\/hr\/wp-content\/uploads\/2023\/11\/Zinfandels-11-2023-1.jpg 1200w, https:\/\/esplanade.hr\/hr\/wp-content\/uploads\/2023\/11\/Zinfandels-11-2023-1-200x300.jpg 200w, https:\/\/esplanade.hr\/hr\/wp-content\/uploads\/2023\/11\/Zinfandels-11-2023-1-683x1024.jpg 683w, https:\/\/esplanade.hr\/hr\/wp-content\/uploads\/2023\/11\/Zinfandels-11-2023-1-768x1152.jpg 768w, https:\/\/esplanade.hr\/hr\/wp-content\/uploads\/2023\/11\/Zinfandels-11-2023-1-1024x1536.jpg 1024w\" sizes=\"(max-width: 1200px) 100vw, 1200px\" \/>\t\t\t\t\t\t\t<\/div>\n\t\t\t\t\t<div class=\"eltd-ig-image\">\n\t\t\t\t\t\t\t\t\t<img width=\"1200\" height=\"1800\" src=\"https:\/\/esplanade.hr\/hr\/wp-content\/uploads\/2023\/11\/Zinfandels-11-2023-5.jpg\" class=\"attachment-full size-full\" alt=\"\" loading=\"lazy\" srcset=\"https:\/\/esplanade.hr\/hr\/wp-content\/uploads\/2023\/11\/Zinfandels-11-2023-5.jpg 1200w, https:\/\/esplanade.hr\/hr\/wp-content\/uploads\/2023\/11\/Zinfandels-11-2023-5-200x300.jpg 200w, https:\/\/esplanade.hr\/hr\/wp-content\/uploads\/2023\/11\/Zinfandels-11-2023-5-683x1024.jpg 683w, https:\/\/esplanade.hr\/hr\/wp-content\/uploads\/2023\/11\/Zinfandels-11-2023-5-768x1152.jpg 768w, https:\/\/esplanade.hr\/hr\/wp-content\/uploads\/2023\/11\/Zinfandels-11-2023-5-1024x1536.jpg 1024w\" sizes=\"(max-width: 1200px) 100vw, 1200px\" \/>\t\t\t\t\t\t\t<\/div>\n\t\t\t<\/div>\n<\/div>[\/vc_column][\/vc_row]<\/p>\n","protected":false},"excerpt":{"rendered":"<p>\u010carobno blagdansko ozra\u010dje Zinfandel&#8217;sa, prepoznatljiva usluga i privla\u010dna simfonija okusa jamstvo su jedinstvenog gurmanskog u\u017eitka u samom srcu Zagreba.<\/p>\n","protected":false},"author":5,"featured_media":11560,"comment_status":"closed","ping_status":"open","sticky":false,"template":"","format":"standard","meta":{"_links_to":"","_links_to_target":""},"categories":[396,16],"tags":[414,419,350,384,393],"yoast_head":"<!-- This site is optimized with the Yoast SEO plugin v20.1 - https:\/\/yoast.com\/wordpress\/plugins\/seo\/ -->\n<title>Chefica Ana Grgi\u0107 Tomi\u0107 u novom \u00e0 la carte jelovniku donosi fantasti\u010dne spojeve - Esplanade Zagreb<\/title>\n<meta name=\"description\" content=\"Pravo je vrijeme za u\u017eivanje u divljim \u0161parogama, a pravo mjesto za u\u017eivanje je restoran Le Bistro hotela Esplanade!\" \/>\n<meta name=\"robots\" content=\"index, follow, max-snippet:-1, max-image-preview:large, max-video-preview:-1\" \/>\n<link rel=\"canonical\" href=\"https:\/\/esplanade.hr\/hr\/chefica-ana-grgic-tomic-u-novom-a-la-carte-jelovniku-donosi-fantasticne-spojeve\/\" \/>\n<meta property=\"og:locale\" content=\"en_US\" \/>\n<meta property=\"og:type\" content=\"article\" \/>\n<meta property=\"og:title\" content=\"Chefica Ana Grgi\u0107 Tomi\u0107 u novom \u00e0 la carte jelovniku donosi fantasti\u010dne spojeve - Esplanade Zagreb\" \/>\n<meta property=\"og:description\" content=\"Pravo je vrijeme za u\u017eivanje u divljim \u0161parogama, a pravo mjesto za u\u017eivanje je restoran Le Bistro hotela Esplanade!\" \/>\n<meta property=\"og:url\" content=\"https:\/\/esplanade.hr\/hr\/chefica-ana-grgic-tomic-u-novom-a-la-carte-jelovniku-donosi-fantasticne-spojeve\/\" \/>\n<meta property=\"og:site_name\" content=\"Esplanade Zagreb\" \/>\n<meta property=\"article:published_time\" content=\"2023-11-30T13:50:55+00:00\" \/>\n<meta property=\"article:modified_time\" content=\"2023-12-27T09:37:26+00:00\" \/>\n<meta property=\"og:image\" content=\"https:\/\/esplanade.hr\/hr\/wp-content\/uploads\/2023\/11\/skoljke-sv.-Jakova-buca-limun-pesto-od-bucinih-sjemenki-kreker-od-buce-2.jpg\" \/>\n\t<meta property=\"og:image:width\" content=\"1800\" \/>\n\t<meta property=\"og:image:height\" content=\"1200\" \/>\n\t<meta property=\"og:image:type\" content=\"image\/jpeg\" \/>\n<meta name=\"author\" content=\"esplanadehr\" \/>\n<meta name=\"twitter:card\" content=\"summary_large_image\" \/>\n<meta name=\"twitter:label1\" content=\"Written by\" \/>\n\t<meta name=\"twitter:data1\" content=\"esplanadehr\" \/>\n\t<meta name=\"twitter:label2\" content=\"Est. reading time\" \/>\n\t<meta name=\"twitter:data2\" content=\"5 minutes\" \/>\n<script type=\"application\/ld+json\" class=\"yoast-schema-graph\">{\"@context\":\"https:\/\/schema.org\",\"@graph\":[{\"@type\":\"WebPage\",\"@id\":\"https:\/\/esplanade.hr\/hr\/chefica-ana-grgic-tomic-u-novom-a-la-carte-jelovniku-donosi-fantasticne-spojeve\/\",\"url\":\"https:\/\/esplanade.hr\/hr\/chefica-ana-grgic-tomic-u-novom-a-la-carte-jelovniku-donosi-fantasticne-spojeve\/\",\"name\":\"Chefica Ana Grgi\u0107 Tomi\u0107 u novom \u00e0 la carte jelovniku donosi fantasti\u010dne spojeve - Esplanade Zagreb\",\"isPartOf\":{\"@id\":\"https:\/\/esplanade.hr\/hr\/#website\"},\"datePublished\":\"2023-11-30T13:50:55+00:00\",\"dateModified\":\"2023-12-27T09:37:26+00:00\",\"author\":{\"@id\":\"https:\/\/esplanade.hr\/hr\/#\/schema\/person\/41ab18473adc20e02135d2521e958ff5\"},\"description\":\"Pravo je vrijeme za u\u017eivanje u divljim \u0161parogama, a pravo mjesto za u\u017eivanje je restoran Le Bistro hotela Esplanade!\",\"breadcrumb\":{\"@id\":\"https:\/\/esplanade.hr\/hr\/chefica-ana-grgic-tomic-u-novom-a-la-carte-jelovniku-donosi-fantasticne-spojeve\/#breadcrumb\"},\"inLanguage\":\"en-US\",\"potentialAction\":[{\"@type\":\"ReadAction\",\"target\":[\"https:\/\/esplanade.hr\/hr\/chefica-ana-grgic-tomic-u-novom-a-la-carte-jelovniku-donosi-fantasticne-spojeve\/\"]}]},{\"@type\":\"BreadcrumbList\",\"@id\":\"https:\/\/esplanade.hr\/hr\/chefica-ana-grgic-tomic-u-novom-a-la-carte-jelovniku-donosi-fantasticne-spojeve\/#breadcrumb\",\"itemListElement\":[{\"@type\":\"ListItem\",\"position\":1,\"name\":\"Home\",\"item\":\"https:\/\/esplanade.hr\/hr\/\"},{\"@type\":\"ListItem\",\"position\":2,\"name\":\"Chefica Ana Grgi\u0107 Tomi\u0107 u novom \u00e0 la carte jelovniku donosi fantasti\u010dne spojeve\"}]},{\"@type\":\"WebSite\",\"@id\":\"https:\/\/esplanade.hr\/hr\/#website\",\"url\":\"https:\/\/esplanade.hr\/hr\/\",\"name\":\"Esplanade Zagreb\",\"description\":\"Welcome to the Esplanade Zagreb Hotel\",\"potentialAction\":[{\"@type\":\"SearchAction\",\"target\":{\"@type\":\"EntryPoint\",\"urlTemplate\":\"https:\/\/esplanade.hr\/hr\/?s={search_term_string}\"},\"query-input\":\"required name=search_term_string\"}],\"inLanguage\":\"en-US\"},{\"@type\":\"Person\",\"@id\":\"https:\/\/esplanade.hr\/hr\/#\/schema\/person\/41ab18473adc20e02135d2521e958ff5\",\"name\":\"esplanadehr\",\"image\":{\"@type\":\"ImageObject\",\"inLanguage\":\"en-US\",\"@id\":\"https:\/\/esplanade.hr\/hr\/#\/schema\/person\/image\/\",\"url\":\"https:\/\/secure.gravatar.com\/avatar\/7201b01315cd9eeadb9a85e3ec380d1b?s=96&d=mm&r=g\",\"contentUrl\":\"https:\/\/secure.gravatar.com\/avatar\/7201b01315cd9eeadb9a85e3ec380d1b?s=96&d=mm&r=g\",\"caption\":\"esplanadehr\"},\"url\":\"https:\/\/esplanade.hr\/hr\/author\/esplanadehr\/\"}]}<\/script>\n<!-- \/ Yoast SEO plugin. -->","yoast_head_json":{"title":"Chefica Ana Grgi\u0107 Tomi\u0107 u novom \u00e0 la carte jelovniku donosi fantasti\u010dne spojeve - Esplanade Zagreb","description":"Pravo je vrijeme za u\u017eivanje u divljim \u0161parogama, a pravo mjesto za u\u017eivanje je restoran Le Bistro hotela Esplanade!","robots":{"index":"index","follow":"follow","max-snippet":"max-snippet:-1","max-image-preview":"max-image-preview:large","max-video-preview":"max-video-preview:-1"},"canonical":"https:\/\/esplanade.hr\/hr\/chefica-ana-grgic-tomic-u-novom-a-la-carte-jelovniku-donosi-fantasticne-spojeve\/","og_locale":"en_US","og_type":"article","og_title":"Chefica Ana Grgi\u0107 Tomi\u0107 u novom \u00e0 la carte jelovniku donosi fantasti\u010dne spojeve - Esplanade Zagreb","og_description":"Pravo je vrijeme za u\u017eivanje u divljim \u0161parogama, a pravo mjesto za u\u017eivanje je restoran Le Bistro hotela Esplanade!","og_url":"https:\/\/esplanade.hr\/hr\/chefica-ana-grgic-tomic-u-novom-a-la-carte-jelovniku-donosi-fantasticne-spojeve\/","og_site_name":"Esplanade Zagreb","article_published_time":"2023-11-30T13:50:55+00:00","article_modified_time":"2023-12-27T09:37:26+00:00","og_image":[{"width":1800,"height":1200,"url":"https:\/\/esplanade.hr\/hr\/wp-content\/uploads\/2023\/11\/skoljke-sv.-Jakova-buca-limun-pesto-od-bucinih-sjemenki-kreker-od-buce-2.jpg","type":"image\/jpeg"}],"author":"esplanadehr","twitter_card":"summary_large_image","twitter_misc":{"Written by":"esplanadehr","Est. reading time":"5 minutes"},"schema":{"@context":"https:\/\/schema.org","@graph":[{"@type":"WebPage","@id":"https:\/\/esplanade.hr\/hr\/chefica-ana-grgic-tomic-u-novom-a-la-carte-jelovniku-donosi-fantasticne-spojeve\/","url":"https:\/\/esplanade.hr\/hr\/chefica-ana-grgic-tomic-u-novom-a-la-carte-jelovniku-donosi-fantasticne-spojeve\/","name":"Chefica Ana Grgi\u0107 Tomi\u0107 u novom \u00e0 la carte jelovniku donosi fantasti\u010dne spojeve - Esplanade Zagreb","isPartOf":{"@id":"https:\/\/esplanade.hr\/hr\/#website"},"datePublished":"2023-11-30T13:50:55+00:00","dateModified":"2023-12-27T09:37:26+00:00","author":{"@id":"https:\/\/esplanade.hr\/hr\/#\/schema\/person\/41ab18473adc20e02135d2521e958ff5"},"description":"Pravo je vrijeme za u\u017eivanje u divljim \u0161parogama, a pravo mjesto za u\u017eivanje je restoran Le Bistro hotela Esplanade!","breadcrumb":{"@id":"https:\/\/esplanade.hr\/hr\/chefica-ana-grgic-tomic-u-novom-a-la-carte-jelovniku-donosi-fantasticne-spojeve\/#breadcrumb"},"inLanguage":"en-US","potentialAction":[{"@type":"ReadAction","target":["https:\/\/esplanade.hr\/hr\/chefica-ana-grgic-tomic-u-novom-a-la-carte-jelovniku-donosi-fantasticne-spojeve\/"]}]},{"@type":"BreadcrumbList","@id":"https:\/\/esplanade.hr\/hr\/chefica-ana-grgic-tomic-u-novom-a-la-carte-jelovniku-donosi-fantasticne-spojeve\/#breadcrumb","itemListElement":[{"@type":"ListItem","position":1,"name":"Home","item":"https:\/\/esplanade.hr\/hr\/"},{"@type":"ListItem","position":2,"name":"Chefica Ana Grgi\u0107 Tomi\u0107 u novom \u00e0 la carte jelovniku donosi fantasti\u010dne spojeve"}]},{"@type":"WebSite","@id":"https:\/\/esplanade.hr\/hr\/#website","url":"https:\/\/esplanade.hr\/hr\/","name":"Esplanade Zagreb","description":"Welcome to the Esplanade Zagreb Hotel","potentialAction":[{"@type":"SearchAction","target":{"@type":"EntryPoint","urlTemplate":"https:\/\/esplanade.hr\/hr\/?s={search_term_string}"},"query-input":"required name=search_term_string"}],"inLanguage":"en-US"},{"@type":"Person","@id":"https:\/\/esplanade.hr\/hr\/#\/schema\/person\/41ab18473adc20e02135d2521e958ff5","name":"esplanadehr","image":{"@type":"ImageObject","inLanguage":"en-US","@id":"https:\/\/esplanade.hr\/hr\/#\/schema\/person\/image\/","url":"https:\/\/secure.gravatar.com\/avatar\/7201b01315cd9eeadb9a85e3ec380d1b?s=96&d=mm&r=g","contentUrl":"https:\/\/secure.gravatar.com\/avatar\/7201b01315cd9eeadb9a85e3ec380d1b?s=96&d=mm&r=g","caption":"esplanadehr"},"url":"https:\/\/esplanade.hr\/hr\/author\/esplanadehr\/"}]}},"_links":{"self":[{"href":"https:\/\/esplanade.hr\/hr\/wp-json\/wp\/v2\/posts\/11524"}],"collection":[{"href":"https:\/\/esplanade.hr\/hr\/wp-json\/wp\/v2\/posts"}],"about":[{"href":"https:\/\/esplanade.hr\/hr\/wp-json\/wp\/v2\/types\/post"}],"author":[{"embeddable":true,"href":"https:\/\/esplanade.hr\/hr\/wp-json\/wp\/v2\/users\/5"}],"replies":[{"embeddable":true,"href":"https:\/\/esplanade.hr\/hr\/wp-json\/wp\/v2\/comments?post=11524"}],"version-history":[{"count":6,"href":"https:\/\/esplanade.hr\/hr\/wp-json\/wp\/v2\/posts\/11524\/revisions"}],"predecessor-version":[{"id":11760,"href":"https:\/\/esplanade.hr\/hr\/wp-json\/wp\/v2\/posts\/11524\/revisions\/11760"}],"wp:featuredmedia":[{"embeddable":true,"href":"https:\/\/esplanade.hr\/hr\/wp-json\/wp\/v2\/media\/11560"}],"wp:attachment":[{"href":"https:\/\/esplanade.hr\/hr\/wp-json\/wp\/v2\/media?parent=11524"}],"wp:term":[{"taxonomy":"category","embeddable":true,"href":"https:\/\/esplanade.hr\/hr\/wp-json\/wp\/v2\/categories?post=11524"},{"taxonomy":"post_tag","embeddable":true,"href":"https:\/\/esplanade.hr\/hr\/wp-json\/wp\/v2\/tags?post=11524"}],"curies":[{"name":"wp","href":"https:\/\/api.w.org\/{rel}","templated":true}]}}