{"id":13966,"date":"2026-03-10T13:23:40","date_gmt":"2026-03-10T12:23:40","guid":{"rendered":"https:\/\/esplanade.hr\/hr\/?p=13966"},"modified":"2026-03-13T08:31:39","modified_gmt":"2026-03-13T07:31:39","slug":"zagreb-u-svjetlu-proljeca-2","status":"publish","type":"post","link":"https:\/\/esplanade.hr\/hr\/zagreb-u-svjetlu-proljeca-2\/","title":{"rendered":"Zagreb u svjetlu prolje\u0107a"},"content":{"rendered":"<p>[vc_row][vc_column][vc_column_text]<\/p>\n<p style=\"text-align: center;\"><span style=\"color: #333333;\"><strong>Pa<span style=\"color: #000000;\">ket s no\u0107enjem povodom Festivala svjetla 18. \u2013 22. o\u017eujka 2026.<\/span><\/strong><\/span><\/p>\n<p><span style=\"color: #000000;\">Do\u017eivite Zagreb u posebnom sjaju i budite dio jednog od naji\u0161\u010dekivanijih proljetnih doga\u0111anja<\/span><\/p>\n<p><span style=\"color: #000000;\">\u2013<a href=\"https:\/\/www.festivalsvjetlazagreb.hr\/hr\"> <strong>Festival svjetla Zagreb 2026<\/strong>.<\/a> Tijekom nekoliko ve\u010deri i periodu od <strong>18. \u2013 22. o\u017eujka 2026. <\/strong>gradske ulice, trgovi i parkovi pretvaraju se u pozornicu impresivnih svjetlosnih instalacija i umjetni\u010dkih projekcija koje stvaraju nezaboravnu atmosferu u samom srcu grada.<\/span><\/p>\n<p><span style=\"color: #000000;\">Do\u010dekajte prolje\u0107e uz poseban paket u kultnom hotelu Esplanade. Boravak zapo\u010dnite fantasti\u010dnim svjetle\u0107im koktelom <strong>Circle of Light,<\/strong> kojeg potpisuje Vjenceslav Madi\u0107 \u2013 Master Kiashoni, Prepustite se kozmopolitskom ozra\u010dju <a href=\"https:\/\/esplanade.hr\/lounge-bar-1925\/\"><strong>Esplanade 1925 Lounge &amp; Cocktail Bara<\/strong><\/a>, koji \u0107e biti savr\u0161en uvod u ve\u010dernje istra\u017eivanje svjetlosnih instalacija koje \u0107e obasjati Zagreb.<\/span><\/p>\n<p><span style=\"color: #000000;\">Pro\u0161e\u0107ite romanti\u010dnim ulicama Gornjeg i Donjeg grada, otkrijte umjetni\u010dke projekcije koje o\u017eivljavaju povijesne fasade i u\u017eivajte u posebnom \u0161armu Zagreba dok blista u svjetlu festivala. Ovo je idealna prilika za posjet hrvatskoj metropoli i do\u017eivljaj njezine kulture, arhitekture i proljetne atmosfere na posve nov na\u010din.<\/span><\/p>\n<p><span style=\"color: #000000;\">Jutro zapo\u010dnite uz slastan doru\u010dak u restoranu Zinfandel&#8217;s ili u privatnosti sobe.<\/span><\/p>\n<p>&nbsp;<\/p>\n<p><span style=\"color: #000000;\"><strong>Paket uklju\u010duje:<\/strong><\/span><\/p>\n<ul>\n<li><span style=\"color: #000000;\">jedno no\u0107enje za dvije osobe u rasko\u0161noj sobi <strong>Superior\u00a0<\/strong><\/span><\/li>\n<li><span style=\"color: #000000;\">butelju vina ku\u0107e i \u010dokoladne ru\u010dno ra\u0111ene slastice za dobrodo\u0161licu u sobi<\/span><\/li>\n<li><span style=\"color: #000000;\">doru\u010dak bife i <em>\u00e0 la carte<\/em> u <a href=\"https:\/\/zinfandels.hr\/\">restoranu Zinfandel&#8217;s<\/a> ili poslu\u017een u privatnosti sobe, za dvije osobe<\/span><\/li>\n<li><span style=\"color: #000000;\"><strong>Circle of Light koktel<\/strong> u\u00a0 <a href=\"https:\/\/esplanade1925.hr\/\">Esplanade 1925 Lounge &amp; Cocktail baru<\/a> za dvoje<\/span><\/li>\n<li><span style=\"color: #000000;\">ranu prijavu \/ kasnu odjavu iz sobe, ovisno o raspolo\u017eivosti kapaciteta<\/span><\/li>\n<li><span style=\"color: #000000;\">besplatan superbrzi wi-fi<\/span><\/li>\n<li><span style=\"color: #000000;\">besplatan pristup <a href=\"https:\/\/esplanade.hr\/hr\/health-club\/\">Health Clubu<\/a> \u2013 fitness i saune<\/span><\/li>\n<li><span style=\"color: #000000;\">mapu\u00a0Festivala\u00a0svjetla\u00a0Zagreb 2026.<\/span><\/li>\n<\/ul>\n<p><span style=\"color: #000000;\">Cijena paketa: <strong>210 \u20ac<\/strong><\/span><\/p>\n<p>&nbsp;<\/p>\n<p><span style=\"color: #000000;\"><strong>Napomene:<\/strong><\/span><\/p>\n<ul>\n<li><span style=\"color: #000000;\">Ponuda je dostupna ovisno o raspolo\u017eivosti kapaciteta od 18. do 22. o\u017eujka 2026.<\/span><\/li>\n<li><span style=\"color: #000000;\">Mogu\u0107a je nadoplata za vi\u0161u kategoriju sobe.<\/span><\/li>\n<li><span style=\"color: #000000;\">PDV je uklju\u010den u cijenu paketa.<\/span><\/li>\n<li><span style=\"color: #000000;\">Cijena paketa formirana je za dvije osobe u <a href=\"https:\/\/esplanade.hr\/hr\/hotel-room\/superior-soba\/\">sobi Superior<\/a>.<\/span><\/li>\n<li><span style=\"color: #000000;\">Boravi\u0161na pristojba od 1,86 \u20ac po osobi po danu nije uklju\u010dena u cijenu.<\/span><\/li>\n<li><span style=\"color: #000000;\">Sve ostale usluge koje nisu navedene u paketu dodatno se napla\u0107uju i mogu\u0107e ih je naru\u010diti unaprijed pri rezervaciji paketa.<\/span><\/li>\n<\/ul>\n<p><span style=\"color: #000000;\"><strong>\u00a0<\/strong><\/span><\/p>\n<p><span style=\"color: #000000;\"><strong>Upotpunite boravak u Esplanadi <\/strong><\/span><\/p>\n<p><span style=\"color: #000000;\"><strong>(sve ostalo dodatno se napla\u0107uje po cjeniku ili jelovniku):<\/strong><\/span><\/p>\n<ul>\n<li><span style=\"color: #000000;\">Masa\u017ee i tretmani lica i tijela dostupni su u <a href=\"https:\/\/esplanade.hr\/hr\/health-club\/\">Health Clubu Esplanade<\/a> \u2013 potrebna je prethodna rezervacija termina, tretmani se napla\u0107uju prema istaknutom cjeniku<\/span><\/li>\n<li><span style=\"color: #000000;\">Prijevoz limuzinom \u2013 cijena na upit<\/span><\/li>\n<li><span style=\"color: #000000;\"><a href=\"https:\/\/esplanade1925.hr\/popodnevni-caj\/\">Orient Express poslijepodnevni \u010daj<\/a> za dvoje u Esplanade baru, selekcija \u010dajeva, zalogaja i slastica na eta\u017eeru, 45 \u2013 potrebna prethodna rezervacija stola<\/span><\/li>\n<li><span style=\"color: #000000;\">Ru\u010dak ili ve\u010dera u <a href=\"https:\/\/zinfandels.hr\/\">restoranu Zinfandel&#8217;s<\/a> ili u <a href=\"https:\/\/lebistro.hr\/\">Le Bistrou<\/a> \u2013 ponuda <em>\u00e0 la carte<\/em>, potrebna prethodna rezervacija stola<\/span><\/li>\n<li><span style=\"color: #000000;\">Esplanade \u0161trukli u <a href=\"https:\/\/lebistro.hr\/\">Le Bistrou<\/a>, porcija 16 \u20ac \u2013 potrebna je prethodna rezervacija stola<\/span><\/li>\n<li><span style=\"color: #000000;\">Nedjeljni <em>brunch<\/em> u<a href=\"https:\/\/zinfandels.hr\/\"> Zinfandel&#8217;su<\/a>, 65 \u20ac po osobi \u2013 uz prethodnu rezervaciju stola<\/span><\/li>\n<\/ul>\n<p>&nbsp;<\/p>\n<p><span style=\"color: #000000;\"><strong>Rezervacija paketa i dodatne informacije:<\/strong><\/span><\/p>\n<p><span style=\"color: #000000;\">Tel: +385 (0)1 4566 666<\/span><\/p>\n<p><span style=\"color: #000000;\"><a style=\"color: #000000;\" href=\"mailto:reservations@esplanade.hr\">reservations@esplanade.hr<\/a><\/span><\/p>\n<p>&nbsp;<\/p>\n<h5 style=\"text-align: center;\"><span style=\"color: #000000;\">Objavljeno: 10. o\u017eujka 2026.<\/span><\/h5>\n<p style=\"text-align: center;\">.<\/p>\n<p>[\/vc_column_text][\/vc_column][\/vc_row][vc_row][vc_column width=&#8221;1\/6&#8243;][\/vc_column][vc_column width=&#8221;2\/3&#8243;]<div class=\"eltd-image-gallery  eltd-ig-slider-type eltd-large-space     \">\n\t<div class=\"eltd-ig-slider eltd-owl-slider\" data-number-of-items=\"1\" data-enable-loop=\"yes\" data-enable-autoplay=\"yes\" data-slider-speed=\"5000\" data-slider-speed-animation=\"600\" data-slider-padding=\"no\" data-enable-navigation=\"yes\" data-enable-custom-navigation=\"no\" data-enable-pagination=\"yes\" data-slider-animate-out=\"fadeOut\">\n\t\t\t\t\t<div class=\"eltd-ig-image\">\n\t\t\t\t\t\t\t\t\t<img src=\"https:\/\/esplanade.hr\/hr\/wp-content\/uploads\/2026\/03\/Festival-svjetla-Esplanade-Zagreb-Hotel-Circle-of-Light-1-1-scaled-800x1200.jpg\" alt=\"\" width=\"800\" height=\"1200\" \/>\t\t\t\t\t\t\t<\/div>\n\t\t\t\t\t<div class=\"eltd-ig-image\">\n\t\t\t\t\t\t\t\t\t<img src=\"https:\/\/esplanade.hr\/hr\/wp-content\/uploads\/2026\/03\/Festival-svjetla-Esplanade-Zagreb-Hotel-Circle-of-Light-2-1-scaled-800x1200.jpg\" alt=\"\" width=\"800\" height=\"1200\" \/>\t\t\t\t\t\t\t<\/div>\n\t\t\t\t\t<div class=\"eltd-ig-image\">\n\t\t\t\t\t\t\t\t\t<img src=\"https:\/\/esplanade.hr\/hr\/wp-content\/uploads\/2026\/03\/Festival-svjetla-Esplanade-Zagreb-Hotel-The-Timeless-Esplanade-Martini-Bruno-Fantulin-1-scaled-800x1200.jpg\" alt=\"\" width=\"800\" height=\"1200\" \/>\t\t\t\t\t\t\t<\/div>\n\t\t\t\t\t<div class=\"eltd-ig-image\">\n\t\t\t\t\t\t\t\t\t<img src=\"https:\/\/esplanade.hr\/hr\/wp-content\/uploads\/2026\/03\/GOJ_4869-1-scaled-800x1200.jpg\" alt=\"\" width=\"800\" height=\"1200\" \/>\t\t\t\t\t\t\t<\/div>\n\t\t\t\t\t<div class=\"eltd-ig-image\">\n\t\t\t\t\t\t\t\t\t<img src=\"https:\/\/esplanade.hr\/hr\/wp-content\/uploads\/2026\/03\/Festival-svjetla-Esplanade-Zagreb-Hotel-54-1-scaled-800x1200.jpg\" alt=\"\" width=\"800\" height=\"1200\" \/>\t\t\t\t\t\t\t<\/div>\n\t\t\t\t\t<div class=\"eltd-ig-image\">\n\t\t\t\t\t\t\t\t\t<img src=\"https:\/\/esplanade.hr\/hr\/wp-content\/uploads\/2026\/03\/Festival-svjetla-Esplanade-Zagreb-Hotel-36-1-scaled-800x1200.jpg\" alt=\"\" width=\"800\" height=\"1200\" \/>\t\t\t\t\t\t\t<\/div>\n\t\t\t\t\t<div class=\"eltd-ig-image\">\n\t\t\t\t\t\t\t\t\t<img src=\"https:\/\/esplanade.hr\/hr\/wp-content\/uploads\/2026\/03\/Festival-svjetla-Esplanade-Zagreb-Hotel-42-1-scaled-800x1200.jpg\" alt=\"\" width=\"800\" height=\"1200\" \/>\t\t\t\t\t\t\t<\/div>\n\t\t\t\t\t<div class=\"eltd-ig-image\">\n\t\t\t\t\t\t\t\t\t<img src=\"https:\/\/esplanade.hr\/hr\/wp-content\/uploads\/2026\/03\/Festival-svjetla-Esplanade-Zagreb-Hotel-52-1-scaled-800x1200.jpg\" alt=\"\" width=\"800\" height=\"1200\" \/>\t\t\t\t\t\t\t<\/div>\n\t\t\t\t\t<div class=\"eltd-ig-image\">\n\t\t\t\t\t\t\t\t\t<img src=\"https:\/\/esplanade.hr\/hr\/wp-content\/uploads\/2026\/03\/Festival-svjetla-Esplanade-Zagreb-Hotel-Bruno-Fantulin-scaled-800x1200.jpg\" alt=\"\" width=\"800\" height=\"1200\" \/>\t\t\t\t\t\t\t<\/div>\n\t\t\t\t\t<div class=\"eltd-ig-image\">\n\t\t\t\t\t\t\t\t\t<img src=\"https:\/\/esplanade.hr\/hr\/wp-content\/uploads\/2026\/03\/Festival-svjetla-Esplanade-Zagreb-Hotel-6-1-scaled-800x1200.jpg\" alt=\"\" width=\"800\" height=\"1200\" \/>\t\t\t\t\t\t\t<\/div>\n\t\t\t<\/div>\n<\/div>[\/vc_column][vc_column width=&#8221;1\/6&#8243;][\/vc_column][\/vc_row]<\/p>\n","protected":false},"excerpt":{"rendered":"<p>Ne propustite jedan od najpopularnijih i najatraktivnijih festivala u Zagrebu \u2013 Festival svjetla 2026. Prepustite se \u010darobnim svjetlosnim instalacijama te do\u017eivite spoj umjetnosti, tehnologije i nevjerojatnih animacija koje \u0107e o\u017eivjeti centar grada i do\u010dekajte prolje\u0107e u \u010darobnom zagreba\u010dkom hotelu Esplanade.<\/p>\n","protected":false},"author":5,"featured_media":14018,"comment_status":"closed","ping_status":"open","sticky":false,"template":"","format":"standard","meta":{"_links_to":"","_links_to_target":""},"categories":[356,16,20],"tags":[369,371,372,498,500],"yoast_head":"<!-- This site is optimized with the Yoast SEO plugin v20.1 - https:\/\/yoast.com\/wordpress\/plugins\/seo\/ -->\n<title>Zagreb u svjetlu prolje\u0107a - Esplanade Zagreb<\/title>\n<meta name=\"description\" content=\"Ne propustite jedan od najpopularnijih i najatraktivnijih festivala u Zagrebu \u2013 Festival svjetla 2023.\" \/>\n<meta name=\"robots\" content=\"index, follow, max-snippet:-1, max-image-preview:large, max-video-preview:-1\" \/>\n<link rel=\"canonical\" href=\"https:\/\/esplanade.hr\/hr\/zagreb-u-svjetlu-proljeca-2\/\" \/>\n<meta property=\"og:locale\" content=\"en_US\" \/>\n<meta property=\"og:type\" content=\"article\" \/>\n<meta property=\"og:title\" content=\"Zagreb u svjetlu prolje\u0107a - Esplanade Zagreb\" \/>\n<meta property=\"og:description\" content=\"Ne propustite jedan od najpopularnijih i najatraktivnijih festivala u Zagrebu \u2013 Festival svjetla 2023.\" \/>\n<meta property=\"og:url\" content=\"https:\/\/esplanade.hr\/hr\/zagreb-u-svjetlu-proljeca-2\/\" \/>\n<meta property=\"og:site_name\" content=\"Esplanade Zagreb\" \/>\n<meta property=\"article:published_time\" content=\"2026-03-10T12:23:40+00:00\" \/>\n<meta property=\"article:modified_time\" content=\"2026-03-13T07:31:39+00:00\" \/>\n<meta property=\"og:image\" content=\"https:\/\/esplanade.hr\/hr\/wp-content\/uploads\/2026\/03\/Festivalsvjetla-Esplanade-42-of-198-e1773387096308.jpg\" \/>\n\t<meta property=\"og:image:width\" content=\"1408\" \/>\n\t<meta property=\"og:image:height\" content=\"943\" \/>\n\t<meta property=\"og:image:type\" content=\"image\/jpeg\" \/>\n<meta name=\"author\" content=\"esplanadehr\" \/>\n<meta name=\"twitter:card\" content=\"summary_large_image\" \/>\n<meta name=\"twitter:label1\" content=\"Written by\" \/>\n\t<meta name=\"twitter:data1\" content=\"esplanadehr\" \/>\n\t<meta name=\"twitter:label2\" content=\"Est. reading time\" \/>\n\t<meta name=\"twitter:data2\" content=\"2 minutes\" \/>\n<script type=\"application\/ld+json\" class=\"yoast-schema-graph\">{\"@context\":\"https:\/\/schema.org\",\"@graph\":[{\"@type\":\"WebPage\",\"@id\":\"https:\/\/esplanade.hr\/hr\/zagreb-u-svjetlu-proljeca-2\/\",\"url\":\"https:\/\/esplanade.hr\/hr\/zagreb-u-svjetlu-proljeca-2\/\",\"name\":\"Zagreb u svjetlu prolje\u0107a - Esplanade Zagreb\",\"isPartOf\":{\"@id\":\"https:\/\/esplanade.hr\/hr\/#website\"},\"datePublished\":\"2026-03-10T12:23:40+00:00\",\"dateModified\":\"2026-03-13T07:31:39+00:00\",\"author\":{\"@id\":\"https:\/\/esplanade.hr\/hr\/#\/schema\/person\/41ab18473adc20e02135d2521e958ff5\"},\"description\":\"Ne propustite jedan od najpopularnijih i najatraktivnijih festivala u Zagrebu \u2013 Festival svjetla 2023.\",\"breadcrumb\":{\"@id\":\"https:\/\/esplanade.hr\/hr\/zagreb-u-svjetlu-proljeca-2\/#breadcrumb\"},\"inLanguage\":\"en-US\",\"potentialAction\":[{\"@type\":\"ReadAction\",\"target\":[\"https:\/\/esplanade.hr\/hr\/zagreb-u-svjetlu-proljeca-2\/\"]}]},{\"@type\":\"BreadcrumbList\",\"@id\":\"https:\/\/esplanade.hr\/hr\/zagreb-u-svjetlu-proljeca-2\/#breadcrumb\",\"itemListElement\":[{\"@type\":\"ListItem\",\"position\":1,\"name\":\"Home\",\"item\":\"https:\/\/esplanade.hr\/hr\/\"},{\"@type\":\"ListItem\",\"position\":2,\"name\":\"Zagreb u svjetlu prolje\u0107a\"}]},{\"@type\":\"WebSite\",\"@id\":\"https:\/\/esplanade.hr\/hr\/#website\",\"url\":\"https:\/\/esplanade.hr\/hr\/\",\"name\":\"Esplanade Zagreb\",\"description\":\"Welcome to the Esplanade Zagreb Hotel\",\"potentialAction\":[{\"@type\":\"SearchAction\",\"target\":{\"@type\":\"EntryPoint\",\"urlTemplate\":\"https:\/\/esplanade.hr\/hr\/?s={search_term_string}\"},\"query-input\":\"required name=search_term_string\"}],\"inLanguage\":\"en-US\"},{\"@type\":\"Person\",\"@id\":\"https:\/\/esplanade.hr\/hr\/#\/schema\/person\/41ab18473adc20e02135d2521e958ff5\",\"name\":\"esplanadehr\",\"image\":{\"@type\":\"ImageObject\",\"inLanguage\":\"en-US\",\"@id\":\"https:\/\/esplanade.hr\/hr\/#\/schema\/person\/image\/\",\"url\":\"https:\/\/secure.gravatar.com\/avatar\/7201b01315cd9eeadb9a85e3ec380d1b?s=96&d=mm&r=g\",\"contentUrl\":\"https:\/\/secure.gravatar.com\/avatar\/7201b01315cd9eeadb9a85e3ec380d1b?s=96&d=mm&r=g\",\"caption\":\"esplanadehr\"},\"url\":\"https:\/\/esplanade.hr\/hr\/author\/esplanadehr\/\"}]}<\/script>\n<!-- \/ Yoast SEO plugin. -->","yoast_head_json":{"title":"Zagreb u svjetlu prolje\u0107a - Esplanade Zagreb","description":"Ne propustite jedan od najpopularnijih i najatraktivnijih festivala u Zagrebu \u2013 Festival svjetla 2023.","robots":{"index":"index","follow":"follow","max-snippet":"max-snippet:-1","max-image-preview":"max-image-preview:large","max-video-preview":"max-video-preview:-1"},"canonical":"https:\/\/esplanade.hr\/hr\/zagreb-u-svjetlu-proljeca-2\/","og_locale":"en_US","og_type":"article","og_title":"Zagreb u svjetlu prolje\u0107a - Esplanade Zagreb","og_description":"Ne propustite jedan od najpopularnijih i najatraktivnijih festivala u Zagrebu \u2013 Festival svjetla 2023.","og_url":"https:\/\/esplanade.hr\/hr\/zagreb-u-svjetlu-proljeca-2\/","og_site_name":"Esplanade Zagreb","article_published_time":"2026-03-10T12:23:40+00:00","article_modified_time":"2026-03-13T07:31:39+00:00","og_image":[{"width":1408,"height":943,"url":"https:\/\/esplanade.hr\/hr\/wp-content\/uploads\/2026\/03\/Festivalsvjetla-Esplanade-42-of-198-e1773387096308.jpg","type":"image\/jpeg"}],"author":"esplanadehr","twitter_card":"summary_large_image","twitter_misc":{"Written by":"esplanadehr","Est. reading time":"2 minutes"},"schema":{"@context":"https:\/\/schema.org","@graph":[{"@type":"WebPage","@id":"https:\/\/esplanade.hr\/hr\/zagreb-u-svjetlu-proljeca-2\/","url":"https:\/\/esplanade.hr\/hr\/zagreb-u-svjetlu-proljeca-2\/","name":"Zagreb u svjetlu prolje\u0107a - Esplanade Zagreb","isPartOf":{"@id":"https:\/\/esplanade.hr\/hr\/#website"},"datePublished":"2026-03-10T12:23:40+00:00","dateModified":"2026-03-13T07:31:39+00:00","author":{"@id":"https:\/\/esplanade.hr\/hr\/#\/schema\/person\/41ab18473adc20e02135d2521e958ff5"},"description":"Ne propustite jedan od najpopularnijih i najatraktivnijih festivala u Zagrebu \u2013 Festival svjetla 2023.","breadcrumb":{"@id":"https:\/\/esplanade.hr\/hr\/zagreb-u-svjetlu-proljeca-2\/#breadcrumb"},"inLanguage":"en-US","potentialAction":[{"@type":"ReadAction","target":["https:\/\/esplanade.hr\/hr\/zagreb-u-svjetlu-proljeca-2\/"]}]},{"@type":"BreadcrumbList","@id":"https:\/\/esplanade.hr\/hr\/zagreb-u-svjetlu-proljeca-2\/#breadcrumb","itemListElement":[{"@type":"ListItem","position":1,"name":"Home","item":"https:\/\/esplanade.hr\/hr\/"},{"@type":"ListItem","position":2,"name":"Zagreb u svjetlu prolje\u0107a"}]},{"@type":"WebSite","@id":"https:\/\/esplanade.hr\/hr\/#website","url":"https:\/\/esplanade.hr\/hr\/","name":"Esplanade Zagreb","description":"Welcome to the Esplanade Zagreb Hotel","potentialAction":[{"@type":"SearchAction","target":{"@type":"EntryPoint","urlTemplate":"https:\/\/esplanade.hr\/hr\/?s={search_term_string}"},"query-input":"required name=search_term_string"}],"inLanguage":"en-US"},{"@type":"Person","@id":"https:\/\/esplanade.hr\/hr\/#\/schema\/person\/41ab18473adc20e02135d2521e958ff5","name":"esplanadehr","image":{"@type":"ImageObject","inLanguage":"en-US","@id":"https:\/\/esplanade.hr\/hr\/#\/schema\/person\/image\/","url":"https:\/\/secure.gravatar.com\/avatar\/7201b01315cd9eeadb9a85e3ec380d1b?s=96&d=mm&r=g","contentUrl":"https:\/\/secure.gravatar.com\/avatar\/7201b01315cd9eeadb9a85e3ec380d1b?s=96&d=mm&r=g","caption":"esplanadehr"},"url":"https:\/\/esplanade.hr\/hr\/author\/esplanadehr\/"}]}},"_links":{"self":[{"href":"https:\/\/esplanade.hr\/hr\/wp-json\/wp\/v2\/posts\/13966"}],"collection":[{"href":"https:\/\/esplanade.hr\/hr\/wp-json\/wp\/v2\/posts"}],"about":[{"href":"https:\/\/esplanade.hr\/hr\/wp-json\/wp\/v2\/types\/post"}],"author":[{"embeddable":true,"href":"https:\/\/esplanade.hr\/hr\/wp-json\/wp\/v2\/users\/5"}],"replies":[{"embeddable":true,"href":"https:\/\/esplanade.hr\/hr\/wp-json\/wp\/v2\/comments?post=13966"}],"version-history":[{"count":11,"href":"https:\/\/esplanade.hr\/hr\/wp-json\/wp\/v2\/posts\/13966\/revisions"}],"predecessor-version":[{"id":14024,"href":"https:\/\/esplanade.hr\/hr\/wp-json\/wp\/v2\/posts\/13966\/revisions\/14024"}],"wp:featuredmedia":[{"embeddable":true,"href":"https:\/\/esplanade.hr\/hr\/wp-json\/wp\/v2\/media\/14018"}],"wp:attachment":[{"href":"https:\/\/esplanade.hr\/hr\/wp-json\/wp\/v2\/media?parent=13966"}],"wp:term":[{"taxonomy":"category","embeddable":true,"href":"https:\/\/esplanade.hr\/hr\/wp-json\/wp\/v2\/categories?post=13966"},{"taxonomy":"post_tag","embeddable":true,"href":"https:\/\/esplanade.hr\/hr\/wp-json\/wp\/v2\/tags?post=13966"}],"curies":[{"name":"wp","href":"https:\/\/api.w.org\/{rel}","templated":true}]}}